{"id":17247,"date":"2022-03-02T19:46:21","date_gmt":"2022-03-02T18:46:21","guid":{"rendered":"https:\/\/ilcarrozziere.it\/blog\/?p=17247"},"modified":"2024-07-01T15:30:40","modified_gmt":"2024-07-01T13:30:40","slug":"senato-della-repubblica-x-commissione-audizione-federcarrozzieri-del-1-marzo-2022-sul-disegno-di-legge-2469-concorrenza","status":"publish","type":"post","link":"https:\/\/ilcarrozziere.it\/blog\/2022\/03\/senato-della-repubblica-x-commissione-audizione-federcarrozzieri-del-1-marzo-2022-sul-disegno-di-legge-2469-concorrenza\/","title":{"rendered":"Senato della Repubblica &#8211; X Commissione  &#8211; Audizione Federcarrozzieri del 1 marzo 2022 sul Disegno di Legge 2469 \u201cConcorrenza\u201d"},"content":{"rendered":"<p>Su indicazione del Presidente della 10\u00aa Commissione del <span class=\"searchHighlight\">Senato<\/span> (Industria, commercio, turismo), il giorno 1 marzo 2022 alle ore 18,30 si \u00e8 svolta l&#8217;audizione informale di rappresentanti<b> <\/b>della <b>Federazione italiana carrozzieri indipendenti (Federcarrozzieri)<\/b> nell&#8217;ambito dell&#8217;esame del <a title=\"http:\/\/www.senato.it\/leg\/18\/BGT\/Schede\/Ddliter\/54618.htm\" contenteditable=\"false\" href=\"http:\/\/www.senato.it\/leg\/18\/BGT\/Schede\/Ddliter\/54618.htm\" target=\"_blank\" rel=\"noopener\"><b>disegno di legge n. 2469<\/b><\/a><b> (Legge annuale per il mercato e la concorrenza 2021).<\/b><\/p>\n<p>Di seguito la memoria dell&#8217;audizione e il video integrale dell&#8217;audizione Federcarrozzieri.<\/p>\n<p>&nbsp;<\/p>\n<p style=\"text-align: center;\"><strong>Senato della Repubblica &#8211; X Commissione<\/strong><\/p>\n<p style=\"text-align: center;\"><strong>Audizione Federcarrozzieri del 1 marzo 2022 sul Disegno di Legge 2469 \u201cConcorrenza\u201d<\/strong><\/p>\n<p><strong>\u00a0<\/strong><\/p>\n<p>Federcarrozzieri ritiene utile rappresentare le proprie osservazioni su alcuni punti del DDL 2469 \u201cConcorrenza\u201d<\/p>\n<p><strong>Sull\u2019art. 27 DDL Concorrenza<\/strong><\/p>\n<p>Federcarrozzieri esprime la propria <strong>contrariet\u00e0 alla proposta di estendere alle imprese estere e transfrontaliere l\u2019obbligo di aderire al sistema del risarcimento diretto<\/strong> a ci\u00f2 subordinando l\u2019autorizzazione ad operare sul mercato italiano. \u00a0Si ritiene infatti che una simile modifica normativa non faciliti ma al contrario <strong>danneggi la concorrenza sia nel settore assicurativo che in quello della autoriparazione <\/strong><\/p>\n<p><strong>\u00a0<\/strong><strong>Le criticit\u00e0 a seguito della modifica normativa avrebbe paradossali effetti anticoncorrenziali <\/strong><\/p>\n<p>Innanzitutto \u00e8 evidente che una tale misura &#8211; imponendo ulteriori vincoli &#8211; restringer\u00e0 la concorrenza anzich\u00e9 facilitarla. E\u2019 noto infatti che il sistema del risarcimento diretto \u00e8 una particolarit\u00e0 tutta italiana resa impropriamente <em>obbligatoria<\/em> sulla base di un accordo tra privati cio\u00e8 in forza di una convenzione stipulata tra le compagnie assicurative che vi aderiscono (la cosiddetta CARD) precisione i cui contenuti non sono in alcun modo normativamente indicati.<\/p>\n<p>Ci\u00f2 avviene contro ogni previsione di legge poich\u00e9 la Corte costituzione (sentenza 180 del 10-19 giugno 2009) ha ribadito che si tratta di sistema facoltativo. Quindi \u00e8 illogico <em>imporre<\/em> alle imprese che vogliono operare in Italia l\u2019adesione ad una procedura <em>facoltativa<\/em>.<\/p>\n<p>Infatti la procedura del risarcimento diretto non prevede la regolazione dei rapporti tra compagnie in forza di norme di legge o regolamenti ma sulla base della citata convenzione CARD. Poich\u00e9 tale convenzione \u00e8 stata stipulata su iniziativa e secondo le scelte economiche delle compagnie che vi aderiscono \u00e8 evidentemente una forzatura anticoncorrenziale prevedere per legge di imporre alle imprese estere di aderire a patti stipulati in Italia da soggetti privati loro concorrenti.<\/p>\n<p>Siccome le imprese estere hanno prezzi pi\u00f9 convenienti l\u2019effetto di tale riforma sarebbe evidente: diminuire la concorrenza e portare ad una crescita dei premi delle polizze RC auto.<\/p>\n<p><strong>Le criticit\u00e0 riguardanti il settore dell\u2019autoriparazione<\/strong><\/p>\n<p>Il sistema del risarcimento diretto \u00e8 stato ad oggi impropriamente usato dalle imprese assicuratrici italiane con l\u2019effetto che ad oggi si verificano gravi distorsioni e interferenze nella concorrenza tra le imprese di carrozzeria, distorsioni attuate mediante l\u2019inserimento nelle polizze dell\u2019obbligo di riparare presso reti fiduciarie a pena di decurtazioni risarcitorie.<\/p>\n<p>Nel risarcimento diretto infatti il danno viene pagato dall\u2019assicuratore con il quale il soggetto incolpevole ha stipulato la polizza che poi si rivale sulla compagnia del responsabile. Ci\u00f2 ha reso possibile agli assicuratori l\u2019imposizione nei contratti di clausole con illegittimi vincoli alla riparazione del veicolo cos\u00ec penalizzando il danneggiato che legittimamente decide di riparare il <em>proprio<\/em> veicolo dal riparatore di <em>propria<\/em> fiducia.<\/p>\n<p>Tale circostanza \u00e8 gi\u00e0 stata posta all\u2019attenzione del Parlamento che nella legge concorrenza del 2017 aveva integrato il Codice delle assicurazioni inserendo \u2013 all\u2019art.148 n. 11 bis \u2013 la previsione che \u201c<em>resta ferma per l&#8217;assicurato la facolt\u00e0 di ottenere l&#8217;integrale risarcimento per la riparazione a regola d&#8217;arte del veicolo danneggiato avvalendosi di imprese di autoriparazione di propria fiducia\u201d.<\/em><\/p>\n<p>La imposizione alle imprese straniere della adesione al sistema del risarcimento diretto disarticolerebbe definitivamente il mercato gi\u00e0 in crisi delle 14.000 imprese di carrozzeria italiane cos\u00ec consentendo in via definitiva al sistema assicurativo &#8211; che gi\u00e0 abusa della propria posizione economica dominante nel soprastante e correlato mercato delle polizze \u2013 oltre che di annullare la libera concorrenza tra imprese anche di porle in totale stato di dipendenza economica.<\/p>\n<p>E\u2019 evidente che in un mercato dove la carrozzeria lavora solo se convenzionata con la compagnia \u00e8 solo questa che in veste di fornitore mono committente che potr\u00e0 decidere le tariffe e le remunerazioni alle quali i riparatori saranno costretti ad accettare le convenzioni in assenza delle quali non sar\u00e0 loro possibile stare in un mercato drogato da polizze contenenti pattuizioni illecite.<\/p>\n<p><strong>\u00a0<\/strong><strong>Sull\u2019art. 32 DDL Concorrenza<\/strong><\/p>\n<p><strong>Appare opportuno estendere anche all\u2019IVASS, l\u2019autorit\u00e0 regolatrice del settore assicurativo, il progetto di riforma che all\u2019articolo 32 del DDL \u00e8 previsto per le altre autorit\u00e0 indipendenti<\/strong><\/p>\n<p>In relazione alla particolare composizione dell\u2019Autorit\u00e0, riformata con all\u2019art 13 DL 6 luglio 2012 convertito con modifiche dalla legge 7 agosto 2012 n 135 appare opportuno prevedere la fuoriuscita dall\u2019alveo della Banca d\u2019Italia dell\u2019Autorit\u00e0 prevedendo che l\u2019IVASS sia comunque soggetto all&#8217;esercizio del potere ispettivo da parte delle Camere.<\/p>\n<p>In particolare, ferma la composizione del Consiglio dell\u2019Autorit\u00e0 formato dal Presidente e da due consiglieri, \u00e8 opportuno che il Presidente venga nominato con decreto del Presidente della Repubblica, su proposta del Presidente del Consiglio dei ministri, previa votazione a maggioranza dei tre quinti delle Commissioni parlamentari competenti in materia di finanza.<\/p>\n<p>I due consiglieri sono nominati con decreto del Presidente della Repubblica, previa deliberazione del Consiglio dei ministri, su proposta del Presidente del Consiglio dei ministri e d&#8217;intesa con il Ministro dello sviluppo economico.<\/p>\n<p>Va previsto che i membri del Consiglio non possano essere iscritti a partiti o movimenti politici, non possano essere stati eletti a cariche elettive nei precedenti sette anni ovvero aver intrattenuto rapporti di collaborazione o di dipendenza con imprese di assicurazione o con loro controllate negli ultimi cinque anni.<\/p>\n<p>Appare opportuno prevedere che i due consiglieri e i loro parenti entro il secondo grado non possano accettare nei tre anni successivi alla loro dimissione contratti, collaborazioni o emolumenti dalle medesime imprese di assicurazione o dalle loro controllate.<\/p>\n<p>Anche la durata della carica va rivista prevedendone la durata in sei anni non rinnovabili<\/p>\n<p>Si ringrazia per l\u2019attenzione.<\/p>\n<p>Il Presidente<\/p>\n<p>(Davide Galli)<\/p>\n<p>&nbsp;<\/p>\n<h2><a href=\"https:\/\/youtu.be\/s9eFwMufKwg\" target=\"_blank\" rel=\"noopener\"><strong>VIDEO DELL&#8217;AUDIZIONE AL SENATO<\/strong><\/a><\/h2>\n<p>&nbsp;<\/p>\n<p style=\"text-align: left;\"><a href=\"https:\/\/www.federcarrozzieri.it\/\" target=\"_blank\" rel=\"noopener\"><img decoding=\"async\" class=\"lazyload  wp-image-17248 alignleft\" src=\"https:\/\/ilcarrozziere.it\/blog\/wp-content\/uploads\/2022\/03\/federcarrozzieri-2.jpg\" data-orig-src=\"https:\/\/ilcarrozziere.it\/blog\/wp-content\/uploads\/2022\/03\/federcarrozzieri-2.jpg\" alt=\"\" width=\"705\" height=\"205\" srcset=\"data:image\/svg+xml,%3Csvg%20xmlns%3D%27http%3A%2F%2Fwww.w3.org%2F2000%2Fsvg%27%20width%3D%27705%27%20height%3D%27205%27%20viewBox%3D%270%200%20705%20205%27%3E%3Crect%20width%3D%27705%27%20height%3D%27205%27%20fill-opacity%3D%220%22%2F%3E%3C%2Fsvg%3E\" data-srcset=\"https:\/\/ilcarrozziere.it\/blog\/wp-content\/uploads\/2022\/03\/federcarrozzieri-2-200x58.jpg 200w, https:\/\/ilcarrozziere.it\/blog\/wp-content\/uploads\/2022\/03\/federcarrozzieri-2-300x87.jpg 300w, https:\/\/ilcarrozziere.it\/blog\/wp-content\/uploads\/2022\/03\/federcarrozzieri-2-400x116.jpg 400w, https:\/\/ilcarrozziere.it\/blog\/wp-content\/uploads\/2022\/03\/federcarrozzieri-2-600x174.jpg 600w, https:\/\/ilcarrozziere.it\/blog\/wp-content\/uploads\/2022\/03\/federcarrozzieri-2-768x223.jpg 768w, https:\/\/ilcarrozziere.it\/blog\/wp-content\/uploads\/2022\/03\/federcarrozzieri-2.jpg 788w\" data-sizes=\"auto\" data-orig-sizes=\"(max-width: 705px) 100vw, 705px\" \/><\/a><\/p>\n","protected":false},"excerpt":{"rendered":"<p>Su indicazione del Presidente della 10\u00aa Commissione del Senato (Industria, commercio, turismo), il giorno 1 marzo 2022 alle ore 18,30 si \u00e8 svolta l&#8217;audizione informale di rappresentanti della Federazione italiana carrozzieri indipendenti (Federcarrozzieri) [&hellip;]<\/p>\n","protected":false},"author":1,"featured_media":17250,"comment_status":"open","ping_status":"open","sticky":false,"template":"","format":"standard","meta":[],"categories":[3,52,248,26,8,58,40,447,7],"tags":[],"_links":{"self":[{"href":"https:\/\/ilcarrozziere.it\/blog\/wp-json\/wp\/v2\/posts\/17247"}],"collection":[{"href":"https:\/\/ilcarrozziere.it\/blog\/wp-json\/wp\/v2\/posts"}],"about":[{"href":"https:\/\/ilcarrozziere.it\/blog\/wp-json\/wp\/v2\/types\/post"}],"author":[{"embeddable":true,"href":"https:\/\/ilcarrozziere.it\/blog\/wp-json\/wp\/v2\/users\/1"}],"replies":[{"embeddable":true,"href":"https:\/\/ilcarrozziere.it\/blog\/wp-json\/wp\/v2\/comments?post=17247"}],"version-history":[{"count":5,"href":"https:\/\/ilcarrozziere.it\/blog\/wp-json\/wp\/v2\/posts\/17247\/revisions"}],"predecessor-version":[{"id":17848,"href":"https:\/\/ilcarrozziere.it\/blog\/wp-json\/wp\/v2\/posts\/17247\/revisions\/17848"}],"wp:featuredmedia":[{"embeddable":true,"href":"https:\/\/ilcarrozziere.it\/blog\/wp-json\/wp\/v2\/media\/17250"}],"wp:attachment":[{"href":"https:\/\/ilcarrozziere.it\/blog\/wp-json\/wp\/v2\/media?parent=17247"}],"wp:term":[{"taxonomy":"category","embeddable":true,"href":"https:\/\/ilcarrozziere.it\/blog\/wp-json\/wp\/v2\/categories?post=17247"},{"taxonomy":"post_tag","embeddable":true,"href":"https:\/\/ilcarrozziere.it\/blog\/wp-json\/wp\/v2\/tags?post=17247"}],"curies":[{"name":"wp","href":"https:\/\/api.w.org\/{rel}","templated":true}]}}