{"id":18271,"date":"2023-10-02T08:52:47","date_gmt":"2023-10-02T06:52:47","guid":{"rendered":"https:\/\/ilcarrozziere.it\/blog\/?p=18271"},"modified":"2024-07-01T15:30:40","modified_gmt":"2024-07-01T13:30:40","slug":"il-consiglio-regionale-del-piemonte-approva-la-proposta-di-legge-zambaia-in-difesa-del-libero-mercato-nel-comparto-delle-carrozzerie-e-delle-autoriparazioni-anche-in-regione-sardegna-lordine","status":"publish","type":"post","link":"https:\/\/ilcarrozziere.it\/blog\/2023\/10\/il-consiglio-regionale-del-piemonte-approva-la-proposta-di-legge-zambaia-in-difesa-del-libero-mercato-nel-comparto-delle-carrozzerie-e-delle-autoriparazioni-anche-in-regione-sardegna-lordine\/","title":{"rendered":"Il Consiglio Regionale del Piemonte approva la Proposta di legge Zambaia in difesa del libero mercato nel comparto delle carrozzerie e delle autoriparazioni. Anche in Regione Sardegna l\u2019Ordine del giorno contro la canalizzazione forzata."},"content":{"rendered":"<p>Ancora importanti passi in avanti per la tutela delle imprese di carrozzeria e per i diritti degli automobilisti. Tutti sanno infatti che polizze assicurative da una parte canalizzano la clientela che deve riparare l&#8217;auto verso le carrozzerie convenzionate, cos\u00ec chi non lo \u00e8 resta tagliato fuori; dall&#8217;altra, chi lavora in convenzione \u00e8 costretto ad accettare lavoro a condizioni non eque, spesso sottocosto, con il rischio di compromettere la qualit\u00e0 del servizio e la sicurezza dei veicoli che circolano sulle strade.<\/p>\n<p>Le recenti iniziative in Parlamento e nei Consigli Regionali<br \/>\nFedercarrozzieri ha gi\u00e0 reso note (<a href=\"https:\/\/ilcarrozziere.it\/blog\/2023\/05\/libera-scelta-del-riparatore-camera-dei-deputati-regioni-e-provincie-autonome-a-tutela-di-consumatori-e-artigiani\/\">qui il link al post del 3 maggio 2023<\/a>) le ultime iniziative politiche a tutela della categoria: dall&#8217;Ordine del Giorno (on. Vanessa Cattoi) approvato dalla Camera dei Deputati alle analoghe iniziative dei Consigli Regionali di Piemonte, Lombardia Abruzzo, Liguria, Toscana e della Provincia Autonoma di Trento.<\/p>\n<p>Il Piemonte approva la Proposta di legge di iniziativa regionale 255\/23 a tutela dei riparatori e degli automobilisti trasmessa dal Piemonte al Parlamento.<\/p>\n<p>Un ulteriore significativo paso avanti c\u2019\u00e8 stato lo scorso 26 settembre: il Consiglio Regionale del Piemonte ha infatti approvato definitivamente la Pdl 255 da depositare al Parlamento in tema di tutela del settore delle carrozzerie. Si tratta di una iniziativa (relatrice di maggioranza Sara Zambaia, Lega, e per la minoranza Sarah Disabato M5S), nata dopo il convegno di Federcarrozzieri a Torino nel novembre 2022 alla quale entrambe le parlamentari regionali avevano partecipato.<\/p>\n<p><strong><a href=\"https:\/\/youtu.be\/0W-TZH6Jz1s\">Guarda il video completo dell&#8217;intervento di Sara Zambaia<\/a><br \/>\n<\/strong><\/p>\n<p>&#8220;La libera scelta dell&#8217;autoriparatore da parte dell&#8217;assicurato \u00e8 un diritto\u201d ha sottolineato la relatrice Zambaia e infatti \u201cgi\u00e0 nel 2017 si era intervenuti con la Legge concorrenza per riconoscere il diritto dell\u2019assicurato ad ottenere l\u2019integrale risarcimento del danno per la riparazione effettuata dal carrozziere di fiducia, ma questa norma \u00e8 stata aggirata da clausole e condizionamenti contrattuali, franchigie pi\u00f9 alte o discriminazioni sui massimali che penalizzano la libera scelta&#8221;.<\/p>\n<p>Ora la Proposta di legge piemontese al Parlamento chiede di introdurre il divieto di inserire nelle polizze ogni genere di discriminazione risarcitoria sulla obblighi sulla scelta del riparatore vietando discriminazioni nei risarcimenti anche attraverso differenziazioni di massimali, franchigie o introduzioni di rivalse o penali. La PDL prevede anche l&#8217;obbligo di comunicare al cliente se la riparazione o la sostituzione della parte danneggiata dell&#8217;auto avviene con ricambi della casa madre originali o con pezzi equivalenti.<\/p>\n<p><strong>L&#8217;Ordine del Giorno 101 della Regione Sardegna<\/strong><br \/>\nAlle analoghe iniziative gi\u00e0 ricordate si aggiunge l&#8217;Ordine del Giorno 101 approvato il 13 settembre 2023 dal Consiglio<br \/>\nRegionale. Si tratta di una ulteriore importante presa di posizione politica, stimolata dagli interventi di Federcarrozzieri Sardegna.<br \/>\nOra occorrono gli interventi di Governo e Parlamento<br \/>\nLa volont\u00e0 politica delle principali regioni italiane, che sono a contatto con le realt\u00e0 produttive della Nazione \u00e8 ormai chiara e coincide con quella della Camera dove \u00e8 stato approvato a suo tempo l&#8217;OdG Cattoi: basta con le politiche commerciali e liquidative delle compagnie che costituiscono un vero e proprio abuso di posizione dominante nei confronti degli imprenditori<br \/>\ncarrozzieri a danno degli automobilisti<br \/>\nOra la parola dovr\u00e0 passare a Governo e Parlamento.<\/p>\n<div class=\"fusion-fullwidth fullwidth-box fusion-builder-row-1 fusion-flex-container hundred-percent-fullwidth non-hundred-percent-height-scrolling\" style=\"--awb-border-radius-top-left:0px;--awb-border-radius-top-right:0px;--awb-border-radius-bottom-right:0px;--awb-border-radius-bottom-left:0px;--awb-overflow:visible;--awb-flex-wrap:wrap;\" ><div class=\"fusion-builder-row fusion-row fusion-flex-align-items-flex-start fusion-flex-content-wrap\" style=\"width:calc( 100% + 0px ) !important;max-width:calc( 100% + 0px ) !important;margin-left: calc(-0px \/ 2 );margin-right: calc(-0px \/ 2 );\"><div class=\"fusion-layout-column fusion_builder_column fusion-builder-column-0 fusion_builder_column_1_1 1_1 fusion-flex-column fusion-flex-align-self-flex-start fusion-column-no-min-height\" style=\"--awb-bg-size:cover;--awb-width-large:100%;--awb-margin-top-large:0px;--awb-spacing-right-large:0px;--awb-margin-bottom-large:0px;--awb-spacing-left-large:0px;--awb-width-medium:100%;--awb-spacing-right-medium:0px;--awb-spacing-left-medium:0px;--awb-width-small:100%;--awb-spacing-right-small:0px;--awb-spacing-left-small:0px;\"><div class=\"fusion-column-wrapper fusion-flex-justify-content-flex-start fusion-content-layout-column\"><a href=\"https:\/\/ilcarrozziere.it\/blog\/wp-content\/uploads\/2023\/10\/ORDINE-DEL-GIORNO-N.-101_XVI-Consiglio-regionale-della-Sardegna-1.pdf\" class=\"pdfemb-viewer\" style=\"\" data-width=\"max\" data-height=\"max\" data-toolbar=\"top\" data-toolbar-fixed=\"off\">ORDINE DEL GIORNO N. 101_XVI \u2013 Consiglio regionale della Sardegna-1<\/a>\n<p>&nbsp;<\/div><\/div><\/div><\/div>\n","protected":false},"excerpt":{"rendered":"<p>Ancora importanti passi in avanti per la tutela delle imprese di carrozzeria e per i diritti degli automobilisti. Tutti sanno infatti che polizze assicurative da una parte canalizzano la clientela che deve riparare [&hellip;]<\/p>\n","protected":false},"author":1,"featured_media":18273,"comment_status":"open","ping_status":"open","sticky":false,"template":"","format":"link","meta":[],"categories":[4,3,248,8,58],"tags":[553,621,623],"_links":{"self":[{"href":"https:\/\/ilcarrozziere.it\/blog\/wp-json\/wp\/v2\/posts\/18271"}],"collection":[{"href":"https:\/\/ilcarrozziere.it\/blog\/wp-json\/wp\/v2\/posts"}],"about":[{"href":"https:\/\/ilcarrozziere.it\/blog\/wp-json\/wp\/v2\/types\/post"}],"author":[{"embeddable":true,"href":"https:\/\/ilcarrozziere.it\/blog\/wp-json\/wp\/v2\/users\/1"}],"replies":[{"embeddable":true,"href":"https:\/\/ilcarrozziere.it\/blog\/wp-json\/wp\/v2\/comments?post=18271"}],"version-history":[{"count":8,"href":"https:\/\/ilcarrozziere.it\/blog\/wp-json\/wp\/v2\/posts\/18271\/revisions"}],"predecessor-version":[{"id":18734,"href":"https:\/\/ilcarrozziere.it\/blog\/wp-json\/wp\/v2\/posts\/18271\/revisions\/18734"}],"wp:featuredmedia":[{"embeddable":true,"href":"https:\/\/ilcarrozziere.it\/blog\/wp-json\/wp\/v2\/media\/18273"}],"wp:attachment":[{"href":"https:\/\/ilcarrozziere.it\/blog\/wp-json\/wp\/v2\/media?parent=18271"}],"wp:term":[{"taxonomy":"category","embeddable":true,"href":"https:\/\/ilcarrozziere.it\/blog\/wp-json\/wp\/v2\/categories?post=18271"},{"taxonomy":"post_tag","embeddable":true,"href":"https:\/\/ilcarrozziere.it\/blog\/wp-json\/wp\/v2\/tags?post=18271"}],"curies":[{"name":"wp","href":"https:\/\/api.w.org\/{rel}","templated":true}]}}