{"id":19960,"date":"2025-03-24T07:10:34","date_gmt":"2025-03-24T06:10:34","guid":{"rendered":"https:\/\/ilcarrozziere.it\/blog\/?p=19960"},"modified":"2025-03-24T12:00:59","modified_gmt":"2025-03-24T11:00:59","slug":"formarsi-per-innovare-nuove-tecnologie-e-riparazioni","status":"publish","type":"post","link":"https:\/\/ilcarrozziere.it\/blog\/2025\/03\/formarsi-per-innovare-nuove-tecnologie-e-riparazioni\/","title":{"rendered":"Formarsi per Innovare: Nuove Tecnologie e Riparazioni"},"content":{"rendered":"<p data-start=\"192\" data-end=\"468\">Siamo lieti di invitarti all&#8217;evento gratuito dedicato al mondo delle carrozzerie: <span style=\"color: #000000;\"><a style=\"color: #000000;\" href=\"https:\/\/forms.gle\/tbMZRuVMiw2fBB7F6\" target=\"_blank\" rel=\"noopener\"><strong data-start=\"265\" data-end=\"346\">&#8220;Attrezzature di nuova generazione, nuovi metodi di riparazione, innovazione&#8221;<\/strong><\/a><\/span>, un&#8217;occasione per conoscere le ultime novit\u00e0 del settore, confrontarti con esperti e scoprire tecnologie all&#8217;avanguardia.<\/p>\n<p data-start=\"470\" data-end=\"532\"><strong data-start=\"470\" data-end=\"488\">Data e orario:<\/strong><br data-start=\"488\" data-end=\"491\" \/>5 aprile 2025, dalle ore 9:00 alle 13:00.<\/p>\n<p data-start=\"534\" data-end=\"685\"><strong data-start=\"534\" data-end=\"544\">Luogo:<\/strong><br data-start=\"544\" data-end=\"547\" \/>AUTOCARROZZERIA PALAI<\/p>\n<p data-start=\"534\" data-end=\"685\">VIA ANTONIO MEUCCI 25\/A FONTANELLE PISA<\/p>\n<p data-start=\"687\" data-end=\"712\">Durante l&#8217;evento, potrai:<\/p>\n<ul data-start=\"713\" data-end=\"940\">\n<li data-start=\"713\" data-end=\"788\">Scoprire le nuove attrezzature e tecniche di riparazione all&#8217;avanguardia.<\/li>\n<li data-start=\"789\" data-end=\"858\">Partecipare a discussioni con esperti del settore e chiarire dubbi.<\/li>\n<li data-start=\"859\" data-end=\"940\">Interagire direttamente con le attrezzature e i prodotti delle aziende partner.<\/li>\n<\/ul>\n<p data-start=\"942\" data-end=\"971\"><strong data-start=\"942\" data-end=\"971\">Programma della giornata:<\/strong><\/p>\n<ul data-start=\"973\" data-end=\"1598\">\n<li data-start=\"973\" data-end=\"1100\">\n<p data-start=\"975\" data-end=\"1100\"><strong data-start=\"975\" data-end=\"1020\">Ore 9:00 &#8211; Registrazione e welcome coffee<\/strong><br data-start=\"1020\" data-end=\"1023\" \/>Un&#8217;occasione perfetta per iniziare la giornata con networking tra colleghi.<\/p>\n<\/li>\n<li data-start=\"1104\" data-end=\"1226\">\n<p data-start=\"1106\" data-end=\"1226\"><strong data-start=\"1106\" data-end=\"1158\">Ore 9:30 &#8211; Apertura e presentazione dei relatori<\/strong><br data-start=\"1158\" data-end=\"1161\" \/>Introduzione al tema dell&#8217;evento e presentazione degli esperti.<\/p>\n<\/li>\n<li data-start=\"1228\" data-end=\"1366\">\n<p data-start=\"1230\" data-end=\"1366\"><strong data-start=\"1230\" data-end=\"1265\">Ore 10:00 &#8211; Sessione principale<\/strong><br data-start=\"1265\" data-end=\"1268\" \/>Un panel di esperti discuter\u00e0 le innovazioni nel settore, rispondendo alle domande del pubblico.<\/p>\n<\/li>\n<li data-start=\"1368\" data-end=\"1463\">\n<p data-start=\"1370\" data-end=\"1463\"><strong data-start=\"1370\" data-end=\"1391\">Ore 11:30 &#8211; Break<\/strong><br data-start=\"1391\" data-end=\"1394\" \/>Pausa per rilassarsi e approfondire ulteriori scambi professionali.<\/p>\n<\/li>\n<li data-start=\"1465\" data-end=\"1598\">\n<p data-start=\"1467\" data-end=\"1598\"><strong data-start=\"1467\" data-end=\"1511\">Ore 13:00 &#8211; Networking e chiusura lavori<\/strong><br data-start=\"1511\" data-end=\"1514\" \/>Un momento conclusivo per consolidare le relazioni e discutere tematiche pratiche.<a href=\"https:\/\/ilcarrozziere.it\/blog\/wp-content\/uploads\/2025\/03\/formazione-scaled.jpg\"><img decoding=\"async\" class=\"lazyload alignleft size-medium wp-image-19961\" src=\"https:\/\/ilcarrozziere.it\/blog\/wp-content\/uploads\/2025\/03\/formazione-300x169.jpg\" data-orig-src=\"https:\/\/ilcarrozziere.it\/blog\/wp-content\/uploads\/2025\/03\/formazione-300x169.jpg\" alt=\"\" width=\"300\" height=\"169\" srcset=\"data:image\/svg+xml,%3Csvg%20xmlns%3D%27http%3A%2F%2Fwww.w3.org%2F2000%2Fsvg%27%20width%3D%27300%27%20height%3D%27169%27%20viewBox%3D%270%200%20300%20169%27%3E%3Crect%20width%3D%27300%27%20height%3D%27169%27%20fill-opacity%3D%220%22%2F%3E%3C%2Fsvg%3E\" data-srcset=\"https:\/\/ilcarrozziere.it\/blog\/wp-content\/uploads\/2025\/03\/formazione-200x113.jpg 200w, https:\/\/ilcarrozziere.it\/blog\/wp-content\/uploads\/2025\/03\/formazione-300x169.jpg 300w, https:\/\/ilcarrozziere.it\/blog\/wp-content\/uploads\/2025\/03\/formazione-400x225.jpg 400w, https:\/\/ilcarrozziere.it\/blog\/wp-content\/uploads\/2025\/03\/formazione-600x338.jpg 600w, https:\/\/ilcarrozziere.it\/blog\/wp-content\/uploads\/2025\/03\/formazione-768x432.jpg 768w, https:\/\/ilcarrozziere.it\/blog\/wp-content\/uploads\/2025\/03\/formazione-800x450.jpg 800w, https:\/\/ilcarrozziere.it\/blog\/wp-content\/uploads\/2025\/03\/formazione-1024x576.jpg 1024w, https:\/\/ilcarrozziere.it\/blog\/wp-content\/uploads\/2025\/03\/formazione-1200x675.jpg 1200w, https:\/\/ilcarrozziere.it\/blog\/wp-content\/uploads\/2025\/03\/formazione-1536x864.jpg 1536w\" data-sizes=\"auto\" data-orig-sizes=\"(max-width: 300px) 100vw, 300px\" \/><\/a><\/p>\n<\/li>\n<\/ul>\n<p data-start=\"1600\" data-end=\"1728\">L&#8217;evento si svolger\u00e0 in un formato dinamico, alternando teoria e pratica per garantire un&#8217;esperienza coinvolgente e interattiva.<\/p>\n<p data-start=\"1730\" data-end=\"1990\">In un settore che cambia rapidamente, la formazione e l&#8217;aggiornamento costante non sono pi\u00f9 un&#8217;opzione, ma una necessit\u00e0. Partecipare a questo evento ti permetter\u00e0 di crescere professionalmente, rimanere competitivo e migliorare la gestione della tua attivit\u00e0.<\/p>\n<p data-start=\"1992\" data-end=\"2320\">L&#8217;evento, organizzato da <span style=\"color: #000000;\"><a style=\"color: #000000;\" href=\"https:\/\/www.federcarrozzieri.it\/eventi\/\" target=\"_blank\" rel=\"noopener\"><strong data-start=\"2017\" data-end=\"2037\">Federcarrozzieri<\/strong>,<\/a><\/span> punta a valorizzare gli aspetti tecnici in carrozzeria, con un approccio pratico e interattivo. Abbiamo scelto una carrozzeria come location proprio per garantire un&#8217;esperienza immersiva, a stretto contatto con le attrezzature innovative. Non perderti questa occasione di crescita. <span style=\"color: #c42f2f;\"><strong><a style=\"color: #c42f2f;\" href=\"https:\/\/forms.gle\/tbMZRuVMiw2fBB7F6\" target=\"_blank\" rel=\"noopener\">Conferma qui la tua partecipazione gratuita!<\/a><\/strong><\/span><\/p>\n<p><a href=\"https:\/\/ilcarrozziere.it\/blog\/wp-content\/uploads\/2025\/03\/INCONTRO_TECNICO-scaled.jpg\"><img decoding=\"async\" class=\"lazyload size-medium wp-image-19964 alignright\" src=\"https:\/\/ilcarrozziere.it\/blog\/wp-content\/uploads\/2025\/03\/INCONTRO_TECNICO-241x300.jpg\" data-orig-src=\"https:\/\/ilcarrozziere.it\/blog\/wp-content\/uploads\/2025\/03\/INCONTRO_TECNICO-241x300.jpg\" alt=\"\" width=\"241\" height=\"300\" srcset=\"data:image\/svg+xml,%3Csvg%20xmlns%3D%27http%3A%2F%2Fwww.w3.org%2F2000%2Fsvg%27%20width%3D%27241%27%20height%3D%27300%27%20viewBox%3D%270%200%20241%20300%27%3E%3Crect%20width%3D%27241%27%20height%3D%27300%27%20fill-opacity%3D%220%22%2F%3E%3C%2Fsvg%3E\" data-srcset=\"https:\/\/ilcarrozziere.it\/blog\/wp-content\/uploads\/2025\/03\/INCONTRO_TECNICO-200x249.jpg 200w, https:\/\/ilcarrozziere.it\/blog\/wp-content\/uploads\/2025\/03\/INCONTRO_TECNICO-241x300.jpg 241w, https:\/\/ilcarrozziere.it\/blog\/wp-content\/uploads\/2025\/03\/INCONTRO_TECNICO-400x498.jpg 400w, https:\/\/ilcarrozziere.it\/blog\/wp-content\/uploads\/2025\/03\/INCONTRO_TECNICO-600x747.jpg 600w, https:\/\/ilcarrozziere.it\/blog\/wp-content\/uploads\/2025\/03\/INCONTRO_TECNICO-768x956.jpg 768w, https:\/\/ilcarrozziere.it\/blog\/wp-content\/uploads\/2025\/03\/INCONTRO_TECNICO-800x996.jpg 800w, https:\/\/ilcarrozziere.it\/blog\/wp-content\/uploads\/2025\/03\/INCONTRO_TECNICO-822x1024.jpg 822w, https:\/\/ilcarrozziere.it\/blog\/wp-content\/uploads\/2025\/03\/INCONTRO_TECNICO-1200x1494.jpg 1200w, https:\/\/ilcarrozziere.it\/blog\/wp-content\/uploads\/2025\/03\/INCONTRO_TECNICO-1234x1536.jpg 1234w, https:\/\/ilcarrozziere.it\/blog\/wp-content\/uploads\/2025\/03\/INCONTRO_TECNICO-1645x2048.jpg 1645w\" data-sizes=\"auto\" data-orig-sizes=\"(max-width: 241px) 100vw, 241px\" \/><\/a><\/p>\n<p data-start=\"2342\" data-end=\"2368\"><strong data-start=\"2342\" data-end=\"2368\">Prossimi appuntamenti:<\/strong><\/p>\n<p data-start=\"2370\" data-end=\"2495\">Se non puoi partecipare a Pisa, non preoccuparti! Nei prossimi mesi organizzeremo eventi simili in altre regioni d&#8217;Italia:<\/p>\n<ul data-start=\"2497\" data-end=\"2561\">\n<li data-start=\"2497\" data-end=\"2517\"><strong data-start=\"2499\" data-end=\"2517\">Emilia-Romagna<\/strong><\/li>\n<li data-start=\"2532\" data-end=\"2546\"><strong data-start=\"2534\" data-end=\"2546\">Piemonte<\/strong><\/li>\n<li data-start=\"2547\" data-end=\"2561\"><strong data-start=\"2549\" data-end=\"2561\">Trentino<\/strong><\/li>\n<li data-start=\"2547\" data-end=\"2561\"><strong>Veneto<\/strong><\/li>\n<\/ul>\n<p data-start=\"2563\" data-end=\"2725\">Ti comunicheremo le date esatte e le location nei prossimi aggiornamenti. Rimani sintonizzato e non perdere l\u2019opportunit\u00e0 di partecipare al nostro tour formativo!<\/p>\n","protected":false},"excerpt":{"rendered":"<p>Siamo lieti di invitarti all&#8217;evento gratuito dedicato al mondo delle carrozzerie: &#8220;Attrezzature di nuova generazione, nuovi metodi di riparazione, innovazione&#8221;, un&#8217;occasione per conoscere le ultime novit\u00e0 del settore, confrontarti con esperti e scoprire [&hellip;]<\/p>\n","protected":false},"author":1,"featured_media":19977,"comment_status":"open","ping_status":"open","sticky":false,"template":"","format":"standard","meta":[],"categories":[3,248,788],"tags":[621,623,786],"_links":{"self":[{"href":"https:\/\/ilcarrozziere.it\/blog\/wp-json\/wp\/v2\/posts\/19960"}],"collection":[{"href":"https:\/\/ilcarrozziere.it\/blog\/wp-json\/wp\/v2\/posts"}],"about":[{"href":"https:\/\/ilcarrozziere.it\/blog\/wp-json\/wp\/v2\/types\/post"}],"author":[{"embeddable":true,"href":"https:\/\/ilcarrozziere.it\/blog\/wp-json\/wp\/v2\/users\/1"}],"replies":[{"embeddable":true,"href":"https:\/\/ilcarrozziere.it\/blog\/wp-json\/wp\/v2\/comments?post=19960"}],"version-history":[{"count":12,"href":"https:\/\/ilcarrozziere.it\/blog\/wp-json\/wp\/v2\/posts\/19960\/revisions"}],"predecessor-version":[{"id":19979,"href":"https:\/\/ilcarrozziere.it\/blog\/wp-json\/wp\/v2\/posts\/19960\/revisions\/19979"}],"wp:featuredmedia":[{"embeddable":true,"href":"https:\/\/ilcarrozziere.it\/blog\/wp-json\/wp\/v2\/media\/19977"}],"wp:attachment":[{"href":"https:\/\/ilcarrozziere.it\/blog\/wp-json\/wp\/v2\/media?parent=19960"}],"wp:term":[{"taxonomy":"category","embeddable":true,"href":"https:\/\/ilcarrozziere.it\/blog\/wp-json\/wp\/v2\/categories?post=19960"},{"taxonomy":"post_tag","embeddable":true,"href":"https:\/\/ilcarrozziere.it\/blog\/wp-json\/wp\/v2\/tags?post=19960"}],"curies":[{"name":"wp","href":"https:\/\/api.w.org\/{rel}","templated":true}]}}