{"id":7184,"date":"2013-12-02T15:28:01","date_gmt":"2013-12-02T14:28:01","guid":{"rendered":"https:\/\/ilcarrozziere.it\/blog\/?p=7184"},"modified":"2024-07-01T15:30:45","modified_gmt":"2024-07-01T13:30:45","slug":"authority-e-nata-laniaaa","status":"publish","type":"post","link":"https:\/\/ilcarrozziere.it\/blog\/2013\/12\/authority-e-nata-laniaaa\/","title":{"rendered":"Authority ? \u00c8 nata l\u2019ANIAAA"},"content":{"rendered":"<p style=\"text-align: center;\"><img decoding=\"async\" class=\"lazyload aligncenter  wp-image-7185\" alt=\"ae894031-3a9a-4d91-a1d5-f452f1cf1947_700_467\" src=\"https:\/\/ilcarrozziere.it\/blog\/wp-content\/uploads\/2013\/11\/ae894031-3a9a-4d91-a1d5-f452f1cf1947_700_467.png\" data-orig-src=\"https:\/\/ilcarrozziere.it\/blog\/wp-content\/uploads\/2013\/11\/ae894031-3a9a-4d91-a1d5-f452f1cf1947_700_467.png\" width=\"636\" height=\"150\" srcset=\"data:image\/svg+xml,%3Csvg%20xmlns%3D%27http%3A%2F%2Fwww.w3.org%2F2000%2Fsvg%27%20width%3D%27636%27%20height%3D%27150%27%20viewBox%3D%270%200%20636%20150%27%3E%3Crect%20width%3D%27636%27%20height%3D%27150%27%20fill-opacity%3D%220%22%2F%3E%3C%2Fsvg%3E\" data-srcset=\"https:\/\/ilcarrozziere.it\/blog\/wp-content\/uploads\/2013\/11\/ae894031-3a9a-4d91-a1d5-f452f1cf1947_700_467-300x70.png 300w, https:\/\/ilcarrozziere.it\/blog\/wp-content\/uploads\/2013\/11\/ae894031-3a9a-4d91-a1d5-f452f1cf1947_700_467.png 872w\" data-sizes=\"auto\" data-orig-sizes=\"(max-width: 636px) 100vw, 636px\" \/><\/p>\n<p>&nbsp;<\/p>\n<p style=\"text-align: center;\"><strong><span style=\"color: #ff0000;\">Una notizia sconvolgente , Tommaso Caravani ci racconta la tavola rotonda Assicurazioni e Authority.<\/span><\/strong><\/p>\n<p>&nbsp;<\/p>\n<p style=\"text-align: center;\"><span style=\"color: #0000ff;\"><strong>I RISCHI AUMENTANO PER I CARROZZIERI<\/strong><\/span><\/p>\n<p style=\"text-align: center;\"><span style=\"color: #0000ff;\"><strong>ALLA FACCIA <a href=\"http:\/\/www.simonavicari.it\/tag\/carrozzieri\/\" target=\"_blank\" rel=\"noopener\">DELLE DICHIARAZIONI<\/a> DELLA SENATRICE VICARI.<\/strong><\/span><\/p>\n<h3 style=\"text-align: center;\"><strong>DA DOMANI SI DECIDE PER IL FUTURO DELLE CARROZZERIE ITALIANE<\/strong><\/h3>\n<p>&nbsp;<\/p>\n<p><a href=\"http:\/\/carrozzeria.it\/Blog\/Carrozzeria\/Novembre-2013\/E-nata-l%E2%80%99ANIAAA.aspx\" target=\"_blank\" rel=\"noopener\"><strong>Tratto dal Blog di Carrozzeria.it<\/strong><\/a><\/p>\n<p>Da oggi potremmo chiamare l\u2019ANIA Associazione Nazionale Imprese Assicurative, Authority e Autorit\u00e0, almeno a sentire quanto \u00e8 successo durante la\u00a0<a href=\"http:\/\/www.businessinternational.it\/Eventi\/3116\/Tavola-Rotonda-Authority-e-Assicurazioni\" target=\"_parent\" rel=\"noopener\"><span style=\"text-decoration: underline;\"><strong>Tavola Rotonda Assicurazioni e Authority<\/strong><\/span><\/a>\u00a0che si \u00e8 svolta ieri (27 novembre 2013) nel prestigioso Ambasciatori Palace Hotel di via Veneto a Roma.<\/p>\n<p>Il perch\u00e9 \u00e8 presto detto: Ministero dello Sviluppo Economico (rappresentato dal prof. Ranieri Razzante, consulente del sottosegretario Vicari per la riforma dell\u2019RC Auto), Ania, IVASS e AGCM hanno trovato una serie di punti di convergenza tali da rendere praticamente \u201cunitaria\u201d la logica della riforma del settore assicurativo in campo automobilistico.<\/p>\n<p>Ma se l\u2019Ania, in fondo, svolge il proprio mestiere di tutela degli interessi delle compagnie, risulta davvero difficile comprendere come le autorit\u00e0 di controllo e soprattutto il Ministero dello Sviluppo Economico trovino \u201cconvincenti\u201d solo le posizione di questa associazione, ignorando completamente le altre categorie e associazioni che saranno coinvolte dalla riforma.<\/p>\n<p>Di particolare gravit\u00e0 \u00e8, in particolare, la posizione del prof. Razzante, che sta lavorando all\u2019oramai famoso \u201cpacchetto Vicari\u201d.<\/p>\n<p>Interrogato proprio sul contenuto del pacchetto e sul fatto che esistano \u201cintere categorie che si sono opposte, in maniera non solo pubblica, al risarcimento in forma specifica e alla modifica della cessione del credito\u201d il professore dichiara testualmente:<\/p>\n<p>\u201cNon abbiamo tenuto conto, date anche le modalit\u00e0 con cui sono state poste delle questioni dei carrozzieri, per cui il risarcimento in forma specifica resta tale e quale a come era stato previsto, credo che sia una delle cose pi\u00f9 importanti di questo pacchetto perch\u00e9 consentir\u00e0, deve consentire, una riduzione del rischio diciamo cos\u00ec \u201cfobio\u201d di levitazione dei costi, che fino ad oggi ha consentito l\u2019esatto contrario. La logica del preventivo l\u2019abbiamo aborrita da subito <div class=\"fusion-fullwidth fullwidth-box fusion-builder-row-1 fusion-flex-container hundred-percent-fullwidth non-hundred-percent-height-scrolling\" style=\"--awb-border-radius-top-left:0px;--awb-border-radius-top-right:0px;--awb-border-radius-bottom-right:0px;--awb-border-radius-bottom-left:0px;--awb-overflow:visible;--awb-flex-wrap:wrap;\" ><div class=\"fusion-builder-row fusion-row fusion-flex-align-items-flex-start fusion-flex-content-wrap\" style=\"width:calc( 100% + 0px ) !important;max-width:calc( 100% + 0px ) !important;margin-left: calc(-0px \/ 2 );margin-right: calc(-0px \/ 2 );\"><div class=\"fusion-layout-column fusion_builder_column fusion-builder-column-0 fusion_builder_column_1_1 1_1 fusion-flex-column fusion-flex-align-self-flex-start fusion-column-no-min-height\" style=\"--awb-bg-size:cover;--awb-width-large:100%;--awb-margin-top-large:0px;--awb-spacing-right-large:0px;--awb-margin-bottom-large:0px;--awb-spacing-left-large:0px;--awb-width-medium:100%;--awb-spacing-right-medium:0px;--awb-spacing-left-medium:0px;--awb-width-small:100%;--awb-spacing-right-small:0px;--awb-spacing-left-small:0px;\"><div class=\"fusion-column-wrapper fusion-flex-justify-content-flex-start fusion-content-layout-column\">[&#8230;], infatti la norma resta quella sulla quale abbiamo incontrato il favore se non trovato non ricordo male sia di IVASS sia di ANIA che devo ringraziare pubblicamente con l&#8217;AGCM\u201d.<\/p>\n<p>Ora, al di l\u00e0 del fatto che non si capisce perch\u00e9 un consulente del Ministero debba ringraziare pubblicamente un\u2019associazione di imprese potente come l\u2019ANIA, che, nel settore RC Auto rappresenta, in sostanza, solo tre gruppi assicurativi, \u00e8 ancora meno chiaro perch\u00e9 le modalit\u00e0 con cui sono state poste le questioni dai carrozzieri non vadano bene. Il professore ammette altres\u00ec che, finora, tale soluzione non ha portato alcun giovamento, facendo impennare i costo dei premi assicurativi, eppure dichiara anche che, proprio la \u201cforma specifica \u00e8 una delle cose pi\u00f9 importanti del pacchetto\u201d. Ma come, non ha mai funzionato e ora \u00e8 la panacea di tutti i mali?<\/p>\n<p>Ad essere chiamati in causa, inoltre, sono anche i periti, visto che \u201cla logica del preventivo\u201d \u00e8 stata \u201caborrita\u201d. A rigor di logica, il preventivo dovrebbe essere basato su una perizia terza e indipendente, ma evidentemente, anche il Ministero, casualmente come l\u2019ANIA, ritiene che i periti debbano<a href=\"https:\/\/sites.google.com\/site\/aicisweb\/project-updates\/news_131127_02\" target=\"_parent\" rel=\"noopener\"><span style=\"text-decoration: underline;\"><strong>\u00a0essere dipendenti della compagnia assicurativa<\/strong><\/span><\/a>.<\/p>\n<p>Le potremmo definire convergenze parallele, un po\u2019 come quelle tra carrozzieri, periti, vittime della strada, esperti di infortunistica stradale, medici e avvocati, peccato che i rilievi di questi ultimi non vengano ascoltati, viste le \u201cmodalit\u00e0\u201d con cui difendono i propri interessi\u2026<\/p>\n<p><a href=\"http:\/\/carrozzeria.it\/Blog\/Carrozzeria\/Novembre-2013\/E-nata-l%E2%80%99ANIAAA.aspx\" target=\"_blank\" rel=\"noopener\"><strong>Tratto dal Blog di Carrozzeria.it<\/strong><\/a><\/p>\n<p>&nbsp;<\/p>\n<p><span style=\"color: #000000;\"><strong>Inoltre, per meglio comprendere la gravit\u00e0 della situazione, vi consiglio di leggere l&#8217;articolo pubblicato sul Sole24:<\/strong><\/span><\/p>\n<p><a href=\"http:\/\/www.assinews.it\/articolo_stampa_oggi.aspx?art_id=20512\">http:\/\/www.assinews.it\/articolo_stampa_oggi.aspx?art_id=20512<\/a><\/p>\n<p>&nbsp;<\/div><\/div><\/div><\/div><\/p>\n","protected":false},"excerpt":{"rendered":"<p>&nbsp; Una notizia sconvolgente , Tommaso Caravani ci racconta la tavola rotonda Assicurazioni e Authority. &nbsp; I RISCHI AUMENTANO PER I CARROZZIERI ALLA FACCIA DELLE DICHIARAZIONI DELLA SENATRICE VICARI. DA DOMANI SI DECIDE [&hellip;]<\/p>\n","protected":false},"author":1,"featured_media":0,"comment_status":"open","ping_status":"open","sticky":false,"template":"","format":"standard","meta":[],"categories":[4,26,40],"tags":[201,146],"_links":{"self":[{"href":"https:\/\/ilcarrozziere.it\/blog\/wp-json\/wp\/v2\/posts\/7184"}],"collection":[{"href":"https:\/\/ilcarrozziere.it\/blog\/wp-json\/wp\/v2\/posts"}],"about":[{"href":"https:\/\/ilcarrozziere.it\/blog\/wp-json\/wp\/v2\/types\/post"}],"author":[{"embeddable":true,"href":"https:\/\/ilcarrozziere.it\/blog\/wp-json\/wp\/v2\/users\/1"}],"replies":[{"embeddable":true,"href":"https:\/\/ilcarrozziere.it\/blog\/wp-json\/wp\/v2\/comments?post=7184"}],"version-history":[{"count":29,"href":"https:\/\/ilcarrozziere.it\/blog\/wp-json\/wp\/v2\/posts\/7184\/revisions"}],"predecessor-version":[{"id":19031,"href":"https:\/\/ilcarrozziere.it\/blog\/wp-json\/wp\/v2\/posts\/7184\/revisions\/19031"}],"wp:attachment":[{"href":"https:\/\/ilcarrozziere.it\/blog\/wp-json\/wp\/v2\/media?parent=7184"}],"wp:term":[{"taxonomy":"category","embeddable":true,"href":"https:\/\/ilcarrozziere.it\/blog\/wp-json\/wp\/v2\/categories?post=7184"},{"taxonomy":"post_tag","embeddable":true,"href":"https:\/\/ilcarrozziere.it\/blog\/wp-json\/wp\/v2\/tags?post=7184"}],"curies":[{"name":"wp","href":"https:\/\/api.w.org\/{rel}","templated":true}]}}