{"id":7569,"date":"2014-01-13T15:22:08","date_gmt":"2014-01-13T14:22:08","guid":{"rendered":"https:\/\/ilcarrozziere.it\/blog\/?p=7569"},"modified":"2024-07-01T15:30:45","modified_gmt":"2024-07-01T13:30:45","slug":"sicurauto-mobilitazione-decreto-rc-auto-successo-e-proposte-a-bologna","status":"publish","type":"post","link":"https:\/\/ilcarrozziere.it\/blog\/2014\/01\/sicurauto-mobilitazione-decreto-rc-auto-successo-e-proposte-a-bologna\/","title":{"rendered":"SicurAUTO Mobilitazione Decreto RC Auto: successo e proposte a Bologna"},"content":{"rendered":"<p style=\"text-align: center;\"><img decoding=\"async\" class=\"lazyload aligncenter  wp-image-7570\" alt=\"TESTATA\" src=\"data:image\/svg+xml,%3Csvg%20xmlns%3D%27http%3A%2F%2Fwww.w3.org%2F2000%2Fsvg%27%20width%3D%27660%27%20height%3D%27127%27%20viewBox%3D%270%200%20660%20127%27%3E%3Crect%20width%3D%27660%27%20height%3D%27127%27%20fill-opacity%3D%220%22%2F%3E%3C%2Fsvg%3E\" data-orig-src=\"https:\/\/ilcarrozziere.it\/blog\/wp-content\/uploads\/2014\/01\/TESTATA.jpg\" width=\"660\" height=\"127\" \/><\/p>\n<p>&nbsp;<\/p>\n<h2><strong><span style=\"color: #0000ff;\">Ottimo intervento del dott. Claudio Cangialosi.<\/span><\/strong><\/h2>\n<p><strong><span style=\"color: #0000ff;\">direttore di SicurAUTO.<\/span><\/strong><\/p>\n<p>&nbsp;<\/p>\n<p style=\"text-align: center;\"><a href=\"https:\/\/ilcarrozziere.it\/blog\/wp-content\/uploads\/2014\/01\/IMG_0226.jpg\"><img decoding=\"async\" class=\"lazyload aligncenter  wp-image-7576\" alt=\"IMG_0226\" src=\"https:\/\/ilcarrozziere.it\/blog\/wp-content\/uploads\/2014\/01\/IMG_0226-1024x682.jpg\" data-orig-src=\"https:\/\/ilcarrozziere.it\/blog\/wp-content\/uploads\/2014\/01\/IMG_0226-1024x682.jpg\" width=\"645\" height=\"429\" srcset=\"data:image\/svg+xml,%3Csvg%20xmlns%3D%27http%3A%2F%2Fwww.w3.org%2F2000%2Fsvg%27%20width%3D%27645%27%20height%3D%27429%27%20viewBox%3D%270%200%20645%20429%27%3E%3Crect%20width%3D%27645%27%20height%3D%27429%27%20fill-opacity%3D%220%22%2F%3E%3C%2Fsvg%3E\" data-srcset=\"https:\/\/ilcarrozziere.it\/blog\/wp-content\/uploads\/2014\/01\/IMG_0226-300x200.jpg 300w, https:\/\/ilcarrozziere.it\/blog\/wp-content\/uploads\/2014\/01\/IMG_0226-1024x682.jpg 1024w\" data-sizes=\"auto\" data-orig-sizes=\"(max-width: 645px) 100vw, 645px\" \/><\/a><\/p>\n<p><strong>Oltre 600 partecipanti per il convegno che sancisce l&#8217;inizio della mobilitazione nazionale contro il Decreto sulla RC Auto<\/strong><\/p>\n<p>Un\u00a0<strong>successo<\/strong>\u00a0oltre le aspettative: ecco che cos&#8217;\u00e8 stata la\u00a0<a href=\"http:\/\/www.mobilitazionedecretorcauto.it\/\">giornata di mobilitazione nazionale contro il decreto Destinazione Italia<\/a>\u00a0(che, pubblicato in Gazzetta ufficiale alla fine del 2013,\u00a0<a href=\"http:\/\/www.sicurauto.it\/news\/rc-auto-decreto-in-gazzetta-stravincono-le-assicurazioni.html\">ha rivoluzionato il settore Rc auto<\/a>) di sabato 11 gennaio 2014 al Zanhotel di Bologna. Tanto che inizialmente s&#8217;era pensato di aprire unicamente una sala per ospitare i partecipanti, ma poi\u00a0<strong>l&#8217;afflusso \u00e8 stato cos\u00ec massiccio da rendere necessaria l&#8217;apertura di altre due sale, dove \u00e8 stato proiettato l&#8217;incontro<\/strong>\u00a0(oltre 600 i partecipanti registrati). Tutto ci\u00f2 \u00e8 sintomatico del fatto che gli interessi in gioco sono tantissimi e che esiste\u00a0<strong>un tessuto economico che ha vissuto<\/strong>, e vive ancora oggi,\u00a0<strong>grazie\u00a0<\/strong>ai\u00a0<strong>danni\u00a0<\/strong>da incidenti stradali e i consuguenti<strong>risarcimenti<\/strong>\u00a0assicurativi.\u00a0<strong>SicurAUTO.it<\/strong>, che ha partecipato attivamente in qualit\u00e0 di ospite,\u00a0<strong>ha dato il suo contributo<\/strong>evidenziando quanto possa essere pericolosa una riparazione dell&#8217;auto non effettuata a regola d&#8217;arte, problema che potrebbe aprirsi con l&#8217;introduzione del solo\u00a0<strong>risarcimento in forma specifica<\/strong>\u00a0che obbligher\u00e0 gli assicurati a riparare l&#8217;auto solo nelle carrozzerie convenzionate con le assicurazioni, le quali saranno libere di imporre prezzi di manodopera e pezzi di ricambio senza che il consumatore possa decidere nulla e\/o avere la certezza della qualit\u00e0 della riparazione.\u00a0<a href=\"http:\/\/www.sicurauto.it\/crash-test\/news\/cosa-succede-se-unauto-viene-riparata-male-il-video-shock.html\" target=\"_blank\" rel=\"noopener\">Qui il crash test che ha lasciato la sala letteralmente a bocca aperta<\/a>\u00a0i presenti in sala.<\/p>\n<p><strong>QUALE OBIETTIVO?<\/strong>\u00a0&#8211; Ma qual era l&#8217;obiettivo della giornata di mobilitazione nazionale, organizzata da diverse associazioni? La\u00a0<strong>tutela dei diritti dei danneggiati<\/strong>\u00a0e affermare la forte contrariet\u00e0 alle misure del decreto\u00a0<strong>Destinazione Italia<\/strong>\u00a0in materia di RC Auto (per la precisione,<a href=\"http:\/\/www.gazzettaufficiale.it\/atto\/serie_generale\/caricaArticolo?art.progressivo=0&amp;art.idArticolo=8&amp;art.versione=1&amp;art.codiceRedazionale=13G00189&amp;art.dataPubblicazioneGazzetta=2013-12-23&amp;art.idGruppo=0&amp;art.idSottoArticolo1=10&amp;art.idSottoArticolo=1&amp;art.flagTipoArticolo=0#art\" target=\"_blank\" rel=\"noopener\">l&#8217;articolo 8 del DECRETO-LEGGE 23 dicembre 2013, n. 145<\/a>). &#8220;<em>Quelle annunciate dal Governo<\/em>\u00a0&#8211; spiega infatti uno dei promotori dell&#8217;iniziativa,\u00a0<strong>Davide Galli<\/strong>\u00a0(presidente Federcarrozzieri) &#8211;\u00a0<em>sono solo le ultime tra le iniziative volte a\u00a0<strong>colpire le vittime della strada<\/strong>, a danneggiare le imprese artigiane di riparazione e consumatori, a tutto vantaggio di un oligopolio di Compagnie che, negli ultimi dieci anni, si \u00e8 consolidato in modo patologico con lo sconcertante consenso di Ivass (dovrebbe vigilare sulle Assicurazioni ndr) e Antitrust (dovrebbe vigilare sul libero mercato\u00a0<\/em><em>ndr)<\/em><em>, le cui posizioni si sono appiattite sul programma dell&#8217;Ania, la Confindustria delle Compagnie. Un programma che vorrebbe\u00a0<strong>un mercato senza concorrenza<\/strong>\u00a0nel quale un &#8216;piccolo&#8217; gruppo di Assicurazioni secondo cui il danneggiato dovrebbe essere risarcito come, dove, e quanto vuole la Compagnia debitrice e solo tramite i suoi medici e riparatori<\/em>&#8220;. Per protestare e illustrare le proprie posizioni a Bologna non c&#8217;erano solo i carrozzieri, ma\u00a0<strong>per la prima volta in Italia<\/strong>, si sono seduti allo stesso tavolo tutti: Associazione\u00a0<strong>familiari vittime della strada<\/strong>, il Sindacato italiano specialisti in medicina legale e delle assicurazioni (<strong>Sismla<\/strong>),\u00a0<strong>Assoutenti<\/strong>, il Comitato unitario patrocinatori stragiudiziali Italiani di Stefano Mannacio (<strong>Cupsit<\/strong>), la commissione Rc dell&#8217;Organismo unitario dell&#8217;avvocatura (<strong>Oua<\/strong>), l&#8217;Unione avvocati responsabilit\u00e0 civile e assicurativa (<strong>Unarca<\/strong>) e l&#8217;associazione\u00a0MOBAST. Hanno aderito, anche, diversi consorzi dei riparatori. Senza dimenticare i presidenti di settore di\u00a0<strong>Cna<\/strong>,\u00a0<strong>Casartigiani<\/strong>\u00a0e\u00a0<strong>Anc-Confartigianato<\/strong>, nonch\u00e9 di\u00a0<strong>diversi parlamentari delle varie commissioni\u00a0<\/strong>maggiormente coinvolte (Giustizia, Trasporti e Finanze), principalmente (ma non solo) chi negli ultimi tempi si \u00e8 dimostrato maggiormente sensibile alle ragioni dei danneggiati.<\/p>\n<p><strong>PERCH\u00c9 PROPRIO BOLOGNA<\/strong>\u00a0&#8211; La giornata di mobilitazione nazionale contro il decreto Rca \u00e8 stata indetta, non a caso, a Bologna: qui ha sede,\u00a0infatti, \u00a0un colosso della RC Auto, ossia<strong>l&#8217;Unipol, assicurazione molto vicina al PD<\/strong>, partito che poco ha fatto per ostacolare l&#8217;approvazione dell&#8217;articolo 8 del decreto Destinazione Italia. Articolo che lascia i\u00a0<strong>consumatori alla merc\u00e9<\/strong>\u00a0di un oligopolio dove tre Gruppi si dividono il\u00a0<strong>70%<\/strong>\u00a0del mercato RC Auto (<strong>Unipol\/Fonsai &#8211; Generali &#8211; Allianz<\/strong>). Ci riferiamo in particolare al\u00a0<a href=\"http:\/\/www.sicurauto.it\/news\/rc-auto-gli-sconti-del-risarcimento-in-forma-specifica.html\">risarcimento in forma specifica<\/a>\u00a0che\u00a0dirotter\u00e0 il cliente\u00a0<strong>solo presso il carrozziere convenzionato<\/strong>\u00a0con l&#8217;assicurazione. La Compagnia, col risarcimento in forma specifica,\u00a0<strong>indennizzer\u00e0\u00a0<\/strong>(e non risarcirer\u00e0&#8230;) il danno attraverso le proprie carrozzerie convenzionate e dovr\u00e0 ovviamente fornire garanzia di due anni sulle riparazioni effettuate (cos\u00ec come avviene gi\u00e0 oggi per legge in qualsiasi carrozzeria, ma\u00a0<strong>nel decreto non si alcun accenno a quali standard di qualit\u00e0<\/strong>dovranno riferirsi le riparazioni). L&#8217;Assicurazione che intende avvalersi del risarcimento in forma specifica dovr\u00e0 garantire uno sconto minimo del\u00a0<strong>5%<\/strong>\u00a0e per alcune regioni questo sconto dovr\u00e0 essere almeno del 10%. Ma\u00a0<strong>questi sconti non possono essere barattati con la sicurezza<\/strong>\u00a0e i diritti dei consumatori,\u00a0<a href=\"http:\/\/www.sicurauto.it\/crash-test\/news\/cosa-succede-se-unauto-viene-riparata-male-il-video-shock.html\">come evidenziamo qui<\/a>. Un altro\u00a0<strong>7%<\/strong>\u00a0di sconto minimo ci sar\u00e0 per gli assicurati che si rivolgeranno, in caso di lesioni, solo ai\u00a0<strong>medici convenzionati<\/strong>\u00a0che per\u00f2 potranno diagnosticare (sempre che ne abbiano voglia, visto che saranno pagati dalle stesse Compagnie&#8230;) le lesioni\u00a0<strong>solo attraverso esami strumentali<\/strong>\u00a0(il che potrebbe far lievitare inutilmente le spese del SSN e potrebbe non garantire adeguati risarcimenti per quelle lesioni difficilmente evidenziabili con un esame strumentale). Infine la\u00a0<strong>scatola nera<\/strong>: chi accetter\u00e0 di farsela installare potr\u00e0 ottenere un altro sconto del\u00a0<strong>7%<\/strong>.<\/p>\n<p><strong>MANCA UNA LOBBY CONTRO L&#8217;ANIA<\/strong>\u00a0&#8211; Ovviamente la battaglia sulla riforma della RC Auto si gioca su due fronti: da una parte, l&#8217;<strong>Ania<\/strong>, potente\u00a0<strong>lobby\u00a0<\/strong>che intende controllare il mondo del risarcimento, mettendo fuori gioco carrozzerie, medici, avvocati, periti, etc. Dall&#8217;altra, proprio queste ultime categorie che dai risarcimenti RC Auto hanno tratto vantaggio:\u00a0<strong>il mondo del risarcimento, \u00e8 inutile nasconderlo, \u00e8 una fonte di sostentamento lecita (ma non solo&#8230;) per diversi soggetti<\/strong>. Va per\u00f2 evidenziato un aspetto: mentre a rappresentare le Assicurazioni c&#8217;\u00e8 solo l&#8217;Ania, con una fortissima opera di lobbying sui parlamentari, il\u00a0<strong>mondo del risarcimento<\/strong>\u00a0\u00e8 invece diviso in una\u00a0<strong>miriade di sigle<\/strong>. Una frammentazione\u00a0<strong>che indebolisce tutti<\/strong>. E la\u00a0<a href=\"http:\/\/www.mobilitazionedecretorcauto.it\/index.html\">giornata di mobilitazione nazionale contro il decreto Rca<\/a>\u00a0\u00e8 stata un&#8217;occasione per affermare\u00a0<strong>un&#8217;unit\u00e0 d&#8217;intenti<\/strong>\u00a0e per cercare di creare un&#8217;unico soggetto che permetta di affermare gli interessi di tutti. Un unico fronte che potrebbe anche risultare pi\u00f9 forte di quello dell&#8217;Ania, se davvero si riuscir\u00e0 a crearlo. Per questo, a seguito del convegno, \u00e8 nata la &#8220;<strong>Carta di Bologna<\/strong>&#8221; che si pone l&#8217;obiettivo di far confluire in un unico documento tutte le ragioni delle numerose sigle presenti (circa 30). Riusciranno tutte queste sigle a mettere da parte gelosie, interessi particolari e vecchi attriti per creare una lobby che si contrapponga all&#8217;Ania? Lo vedremo nei prossimi giorni, quando sar\u00e0 realizzata una\u00a0<strong>manifestazione simbolica sotto Palazzo Vecchio a Firenze<\/strong>, dove il Sindaco\u00a0<strong>Matteo Renzi<\/strong>\u00a0(neo segretario del PD) sar\u00e0 chiamato ad intervenire per bloccare questo decreto &#8220;ammazza risarcimenti&#8221;.<\/p>\n<p><strong>CONSULENTI, CARROZZIERI E CONSUMATORI<\/strong>\u00a0&#8211; Durante il convegno iniziale hanno preso la parola consulenti, carrozzieri e rappresentanti dei consumatori. Inizia\u00a0<strong>Giuseppa Cassaniti Mastrojeni<\/strong>\u00a0(presidente Aifvs), che ha ricordato come sia necessario tutelare i risarcimenti delle vittime (partendo dalle famose &#8220;Tabelle di Milano&#8221;) nonch\u00e8 gli stessi carrozzieri, anche perch\u00e9 gli incidenti sono (per fortuna) diminuiti e di riflesso il lavoro per i riparatori.\u00a0<strong>Furio Truzzi<\/strong>, presidente Assoutenti, s&#8217;\u00e8 stupito della formula utilizzata dal legislatore per riformare il settore della RC Auto: &#8220;<em>perch\u00e8 \u00e8 stato inserito in un decretto legge con carattere d&#8217;urgenza? Quale urgenza c&#8217;\u00e8? Forse quella di agevolare le lobby assicurative?<\/em>&#8220;. Dopo\u00a0<strong>Davide Galli<\/strong>(Federcarrozzieri), cui abbiamo gi\u00e0 ricordato la posizione, \u00e8 stata la volta di\u00a0SicurAUTO.it che con il suo direttore\u00a0<strong>Claudio Cangialosi<\/strong>, ha fornito il proprio contributo\u00a0<a href=\"http:\/\/www.sicurauto.it\/crash-test\/news\/cosa-succede-se-unauto-viene-riparata-male-il-video-shock.html\">corredato da un video<\/a>.\u00a0<strong>Fabio Quadri<\/strong>\u00a0(presidente Unarca) ha evidenziato come di volta in volta il Governo di turno vada a colpire il presunto colpevole del caro-polizza: &#8220;<em>prima volevano togliere di mezzo gli avvocati con il risarcimento diretto, poi hanno puntato i medici legali, adesso i carrozzieri.\u00a0Il legislatore sembra ormai una Compagnia di assicurazioni<\/em>&#8220;.\u00a0<strong>Giuseppe Mazzucchiello<\/strong>, presidente Associazione valore uomo, ha aggiunto: &#8220;<em>dobbiamo oggi concentrarci per battagliare e fare di questo giorno un momento di mobilitazione. Vareremo la \u2018Carta di Bologna&#8217; per portare avanti le nostre proposte. I poteri forti hanno un&#8217;associazione che li rappresenta, vedi Ania. Va istituito un coordinamento unitario che faccia lobby. Da soli perdiamo le battaglie, mentre le Assicurazioni sono sempre vigili&#8230; Il rischio \u00e8 che dopo questo decreto si apra una spirale negativa<\/em>&#8220;.\u00a0<strong>Raffaele Zinno<\/strong>, segretario Sismla, ha focalizzato l&#8217;attenzione sul valore della salute: &#8220;<em>no al \u2018low cost&#8217; della cura medica. Come ha dimostrato Cangialosi con il crash test che abbiamo visto, anche la cura sbagliata rischia di avere conseguenza sulla vita e la salute delle persone<\/em>&#8220;. Chiude\u00a0<strong>Massimo Perrini<\/strong>, segretario commissione RC dell&#8217;Oua: &#8220;<em>le norme vengono spacciate come a favore dei consumatori, ma non \u00e8 cos\u00ec. Esiste una libert\u00e0 di cura in Italia garantita dalla Costituzione, quindi non ha senso costringere la gente a curarsi solo da alcuni medici. E sulla scatola nera (il decreto prevede sconti per chi la installa) non sono compresi i costi di gestione&#8230; Qualcuno ha scambiato la scatola nera con il braccialetto elettronico: \u00e8 assurdo che le Assicurazioni sappiano tutto sull&#8217;automobilista, dove si sposta, dove guida. Occorre il rispetto della privacy<\/em>&#8220;.<\/p>\n<p><strong>POLITICI FISCHIATI, TRANNE QUELLI DEL M5S\u00a0<\/strong>&#8211; In una seconda fase, hanno preso la parola i vari politici, e garantiamo che\u00a0<strong>la discussione \u00e8 stata molto accesa e partecipata<\/strong>\u00a0(e a tratti molto animata), a differenza di quanto accade sovente durante i convegni, dove si vedono le persone sbadigliare. Per capirci, tenete presente che, quando sono stati presentati i politici presenti al dibattito, sono volati fischi e urla di disapprovazione: il tutto comunque in un clima di civile contestazione. Solo i due rappresentati del\u00a0<strong>Movimento 5 Stelle sono stati applauditi<\/strong>ancor prima di essere stati ascoltati, segno evidente che ormai\u00a0<strong>la gente non si fida pi\u00f9 della vecchia politica<\/strong>. Prende per prima la parola\u00a0<strong>Cristina Bargero (PD)<\/strong>\u00a0che si s&#8217;\u00e8 detta favorevole alla scatola nera (fischi dalla platea) ma ha dimostrato di padronare poco la materia non essendo capace di replicare alle critiche del pubblico. Dopo di lei\u00a0<strong>Daniele Gaetano Borioli (PD)<\/strong>, inizialmente fischiato ma poi si riprende: &#8220;<em>noi siamo parlamentari e il nostro compito \u00e8 quello di correggere i provvedimenti che dovessero avere delle criticit\u00e0. Sono nella commissione Lavori pubblici al Senato. Con una risoluzione che presentiamo, si pone l&#8217;impegno a lasciare libero il mercato dei carrozzieri e togliere di mezzo il risarcimento il risarcimento in forma specifica, visto che contrasta con le regole europee<\/em>&#8220;.\u00a0<strong>Paolo Russo (FI)<\/strong>: &#8220;<em>il decreto non pu\u00f2 andare avanti cos\u00ec. Inzialmente pensavo che stessero\u00a0<\/em><em>finalmente\u00a0<\/em><em>facendo un buon lavoro per i cittadini, ma poi leggendo il testo&#8230; Proveremo a cambiarlo in commissione finanze o in aula a viso aperto. Non serve una norma in pi\u00f9 per avere una tariffa equa per i cittadini onesti. Va arginato questo disastro o almeno modificato in modo sostanziale<\/em>&#8221; (appalusi).\u00a0<strong>Andrea Colletti<\/strong>(M5S): &#8220;<em>Questo decreto fa schifo e va tolto. Le Compagnie sono fameliche e non gliene frega nulla. A destra anno Fonsai, a sinistra Unipol, mentre tutti hanno il cuore in Generali. Va fatto un emendamento e tolto l&#8217;articolo 8 e rimosso. Io proponevo di andare da Renzi con il carro attrezzi. Vogliamo solo parlarne o volete protestare? Nei giornali non se ne parla se non fate qualcosa di clamoroso!<\/em>&#8221; (applausi scroscianti). Interviene di nuovo il sen.\u00a0<strong>Borioli\u00a0<\/strong>che dice: &#8220;<em>con il solito populismo del M5S non si fa nulla<\/em>&#8221; (fischi e urla dalla platea, un cittadino si alza e urla: &#8220;si, qui siamo tutti populisti!&#8221;. Altri applausi).\u00a0<strong>Marco Di Stefano (PD)<\/strong>: &#8220;<em>essendo figlio di un artigiano che aveva un&#8217;officina ci tengo a essere qui.\u00a0<\/em><em>Io non ho votato ancora nulla e il decreto non \u00e8 passato dal Parlamento o dalla commissione Finanze. Noi vogliamo radicalmente modificare questo articolo 8. Le cose non si fanno per quei pochi che hanno i soldi ma per i cittadini. Ci sono onesti e disonesti anche tra i politici. Io intendo combattere la crociata delle Assicurazioni e non sar\u00f2 buttato fuori dal partito per questo. Dobbiamo per forza mettere mano all&#8217;articolo 8 perch\u00e9 Renzi parla di lavoro, ma con questo decreto lo togliamo il lavoro! Gli sconti sono un falso miraggio e poniamo le famiglie davanti ad una mortificazione dei diritti. I sacrifici si chiedono ai ricchi non alle famiglie. Le Assicurazioni italiane spendono troppo in pubblicit\u00e0 in un mercato quasi chiuso e potrebbero risparmiare abbassando le tariffe: punto<\/em>&#8221; (applausi). Chiude gli interventi\u00a0<strong>Gaetano La Legname,\u00a0<\/strong>collaboratore di\u00a0<strong>Ivan Catalano<\/strong>\u00a0(<strong>M5S<\/strong>), della Commissione Trasporti alla Camera: &#8220;<em>i carrozzieri sono garanti della sicurezza davanti alla legge. Abbiamo per\u00f2 scoperto qualcosa di strano sulla riparazione delle auto. Chi sceglie i tempi di riparazione? In Inghilterra, ad esempio, i dati su tempi e i metodi di riparazione sono pubblici, solo cos\u00ec tutti possono essere certi che le riparazioni possano essere fatte nei tempi e nei modi giusti. Infine c&#8217;\u00e8 il problema privacy con la scatola nera, il dato sulla posizione GPS non \u00e8 giusto che lo abbia l&#8217;Ania, ma deve essere il Ministero dei Trasporti, ente pubblico, a conservarlo&#8221;.\u00a0<\/em>Dopo i politici hanno preso la parola i<strong>numerosi altri consorzi<\/strong>\u00a0presenti che hanno evidenziato pi\u00f9 o meno le stesse problematiche. Nota finale: gli unici due politici rimasti ad ascoltare le ragioni di tutti sino alla fine sono stati i due esponenti del Movimento 5 Stelle, mentre gli altri sono arrivati e rimasti solo per il loro intervento. Cartina tornasole di quanto la vecchia politica sia davvero interessata ad ascoltare&#8230;<\/p>\n<p>di Claudio Cangialosi<\/p>\n<p>Pubblicato su :<\/p>\n<p><a href=\"http:\/\/www.sicurauto.it\/news\/mobilitazione-decreto-rc-auto-successo-e-proposte-a-bologna.html\">http:\/\/www.sicurauto.it\/news\/mobilitazione-decreto-rc-auto-successo-e-proposte-a-bologna.html<\/a><\/p>\n<p>&nbsp;<\/p>\n<p>&nbsp;<\/p>\n","protected":false},"excerpt":{"rendered":"<p>&nbsp; Ottimo intervento del dott. Claudio Cangialosi. direttore di SicurAUTO. &nbsp; Oltre 600 partecipanti per il convegno che sancisce l&#8217;inizio della mobilitazione nazionale contro il Decreto sulla RC Auto Un\u00a0successo\u00a0oltre le aspettative: ecco [&hellip;]<\/p>\n","protected":false},"author":1,"featured_media":0,"comment_status":"open","ping_status":"open","sticky":false,"template":"","format":"standard","meta":[],"categories":[62,5,3,52,248,8,40,447,7],"tags":[],"_links":{"self":[{"href":"https:\/\/ilcarrozziere.it\/blog\/wp-json\/wp\/v2\/posts\/7569"}],"collection":[{"href":"https:\/\/ilcarrozziere.it\/blog\/wp-json\/wp\/v2\/posts"}],"about":[{"href":"https:\/\/ilcarrozziere.it\/blog\/wp-json\/wp\/v2\/types\/post"}],"author":[{"embeddable":true,"href":"https:\/\/ilcarrozziere.it\/blog\/wp-json\/wp\/v2\/users\/1"}],"replies":[{"embeddable":true,"href":"https:\/\/ilcarrozziere.it\/blog\/wp-json\/wp\/v2\/comments?post=7569"}],"version-history":[{"count":13,"href":"https:\/\/ilcarrozziere.it\/blog\/wp-json\/wp\/v2\/posts\/7569\/revisions"}],"predecessor-version":[{"id":19022,"href":"https:\/\/ilcarrozziere.it\/blog\/wp-json\/wp\/v2\/posts\/7569\/revisions\/19022"}],"wp:attachment":[{"href":"https:\/\/ilcarrozziere.it\/blog\/wp-json\/wp\/v2\/media?parent=7569"}],"wp:term":[{"taxonomy":"category","embeddable":true,"href":"https:\/\/ilcarrozziere.it\/blog\/wp-json\/wp\/v2\/categories?post=7569"},{"taxonomy":"post_tag","embeddable":true,"href":"https:\/\/ilcarrozziere.it\/blog\/wp-json\/wp\/v2\/tags?post=7569"}],"curies":[{"name":"wp","href":"https:\/\/api.w.org\/{rel}","templated":true}]}}